[{"@context":"https:\/\/schema.org\/","@type":"Article","@id":"https:\/\/www.adrien.sk\/pracujucich-mamiciek-je-coraz-viacej\/#Article","mainEntityOfPage":"https:\/\/www.adrien.sk\/pracujucich-mamiciek-je-coraz-viacej\/","headline":"Pracuj\u00facich mami\u010diek je \u010doraz viacej","name":"Pracuj\u00facich mami\u010diek je \u010doraz viacej","description":"Ke\u010f sa vr\u00e1tim do \u010dias, kedy som e\u0161te nemala die\u0165a uvedomujem si, \u017ee som nikdy nebola od nikoho z\u00e1visl\u00e1. Sna\u017eila som sa stara\u0165 sama o seba. Mala som stabiln\u00e9 zamestnanie a ak sa stala situ\u00e1cia, \u017ee som musela \u00eds\u0165 na podporu v nezamestnanosti, popri nej som samozrejme pracovala na dohodu. Neviem si predstavi\u0165, \u017ee by som len tak sedela doma &hellip; ","datePublished":"2019-03-22","dateModified":"2019-03-22","author":{"@type":"Person","@id":"https:\/\/www.adrien.sk\/author\/devene\/#Person","name":"devene","url":"https:\/\/www.adrien.sk\/author\/devene\/","identifier":1,"image":{"@type":"ImageObject","@id":"https:\/\/secure.gravatar.com\/avatar\/89f417dfbb336d235b856435ef935ffa51c2f646edc1f5c4e6fccf32a9c88173?s=96&d=mm&r=g","url":"https:\/\/secure.gravatar.com\/avatar\/89f417dfbb336d235b856435ef935ffa51c2f646edc1f5c4e6fccf32a9c88173?s=96&d=mm&r=g","height":96,"width":96}},"publisher":{"@type":"Organization","name":"adrien.sk","logo":{"@type":"ImageObject","@id":"\/logo.png","url":"\/logo.png","width":600,"height":60}},"image":{"@type":"ImageObject","@id":"https:\/\/www.adrien.sk\/wp-content\/uploads\/img_a298265_w16545_t1553448733.jpg","url":"https:\/\/www.adrien.sk\/wp-content\/uploads\/img_a298265_w16545_t1553448733.jpg","height":0,"width":0},"url":"https:\/\/www.adrien.sk\/pracujucich-mamiciek-je-coraz-viacej\/","wordCount":413,"articleBody":"Ke\u010f sa vr\u00e1tim do \u010dias, kedy som e\u0161te nemala die\u0165a uvedomujem si, \u017ee som nikdy nebola od nikoho z\u00e1visl\u00e1. Sna\u017eila som sa stara\u0165 sama o seba. Mala som stabiln\u00e9 zamestnanie a ak sa stala situ\u00e1cia, \u017ee som musela \u00eds\u0165 na podporu v nezamestnanosti, popri nej som samozrejme pracovala na dohodu. Neviem si predstavi\u0165, \u017ee by som len tak sedela doma bez pr\u00e1ce a \u010dakala kedy sa \u010do naskytne. Som tak\u00fd ak\u010dn\u00fd \u010dlovek, ktor\u00fd neobsed\u00ed doma a furt chce nie\u010do robi\u0165 alebo niekam chodi\u0165. Zrazu som sa ocitla na materskej dovolenke a mala som zodpovednos\u0165 za mal\u00e9 stvorenie. Z d\u0148a na de\u0148 sa n\u00e1m zmenil \u017eivot a nemala som priestor pre seba. To po \u010dase viedlo k frustr\u00e1cii a s partnerom sme sa za\u010dali h\u00e1da\u0165. C\u00edtila som sa nedocenen\u00e1 a fakt, \u017ee som z\u00e1visl\u00e1 od pr\u00edjmu partnera ma tie\u017e obmedzovalo, preto\u017ee som bola nau\u010den\u00e1 ma\u0165 na \u00fa\u010dte peniaze. Ve\u010f tieto n\u00edzke rodi\u010dovsk\u00e9 d\u00e1vky s\u00fa naozaj na smiech. H\u013eadala som si spo\u010diatku pr\u00e1cu cez internet, ktor\u00fa m\u00f4\u017eem robi\u0165 doma. Nakoniec sa mi podarilo sa zamestna\u0165 na dohodu u m\u00f4jho zamestn\u00e1vate\u013ea, z \u010doho m\u00e1m neskuto\u010dn\u00fa rados\u0165. V pr\u00e1ci prich\u00e1dzam na in\u00e9 my\u0161lienky, svojim sp\u00f4sobom si aj odd\u00fdchnem, porozpr\u00e1vam sa s kolegy\u0148ami o v\u0161etkom inom, len nie o veciach t\u00fdkaj\u00facich sa die\u0165a\u0165a a \u010do je najlep\u0161ie, prinesiem do dom\u00e1cnosti peniaze.Aj \u017eena sa potrebuje rozv\u00edja\u0165.Zaka\u017ed\u00fdm. To, \u017ee sa stala mamou nem\u00e1 by\u0165 ako za trest. \u00daloha otca spo\u010d\u00edva tie\u017e v tom, \u017ee m\u00e1 rovnak\u00e9 povinnosti ako matka. Minim\u00e1lne by jej mal pom\u00e1ha\u0165 a podporova\u0165 ju vo v\u0161etkom. Obdivujem \u017eeny na materskej dovolenke, ktor\u00e9 sa rozhodli podnika\u0165. Popri de\u0165och je to naozaj odvaha. Ale te\u0161\u00edm sa z toho, \u017ee sa neboja rozv\u00edja\u0165 svoj potenci\u00e1l a plni\u0165 si svoje sny. \u010ci u\u017e sa stanete po\u010das materskej \u017eivnostn\u00ed\u010dka, alebo pracujete napr\u00edklad za poklad\u0148ou v supermarkete, myslite na to, \u017ee to nie je chyba. Ak viete, \u017ee va\u0161e deti s\u00fa po\u010das va\u0161ej nepr\u00edtomnosti v dobr\u00fdch ruk\u00e1ch, tak pre\u010do by ste si mali vy\u010d\u00edta\u0165 to, \u017ee pracujete? V\u0161etko je v poriadku. Ve\u010f ke\u010f je spokojn\u00e1 mama, je spokojn\u00e1 cela rodina.                                                                                                                                                                                                                                                                                                                                                                                        5\/5 - (3 votes)        "},{"@context":"https:\/\/schema.org\/","@type":"BreadcrumbList","itemListElement":[{"@type":"ListItem","position":1,"name":"Pracuj\u00facich mami\u010diek je \u010doraz viacej","item":"https:\/\/www.adrien.sk\/pracujucich-mamiciek-je-coraz-viacej\/#breadcrumbitem"}]}]