[{"@context":"https:\/\/schema.org\/","@type":"Article","@id":"https:\/\/www.adrien.sk\/moja-ziarlivost\/#Article","mainEntityOfPage":"https:\/\/www.adrien.sk\/moja-ziarlivost\/","headline":"Moja \u017eiarlivos\u0165","name":"Moja \u017eiarlivos\u0165","description":"V dob\u00e1ch puberty a \u017eivota po osemn\u00e1stych nerodenin\u00e1ch som striedal vz\u0165ahy ako \u010dist\u00e9 tri\u010dk\u00e1&#8230; Potom pri\u0161iel prv\u00fd dlhodob\u00fd vz\u0165ah aj so spolo\u010dn\u00fdm b\u00fdvan\u00edm&#8230; V\u010faka pr\u00e1ci, ktorej bolo a\u017e ve\u013ea, sme sa dopracovali k rozpadu a jej nevere&#8230; Chv\u00ed\u013eu na to som spoznal svoju prv\u00fa \u017eenu s ktorou m\u00e1m dve deti. Po siedmich rokoch, ke\u010f ja jazdil po Eur\u00f3pe a ona &hellip; ","datePublished":"2023-02-08","dateModified":"2024-01-08","author":{"@type":"Person","@id":"https:\/\/www.adrien.sk\/author\/devene\/#Person","name":"devene","url":"https:\/\/www.adrien.sk\/author\/devene\/","identifier":1,"image":{"@type":"ImageObject","@id":"https:\/\/secure.gravatar.com\/avatar\/89f417dfbb336d235b856435ef935ffa51c2f646edc1f5c4e6fccf32a9c88173?s=96&d=mm&r=g","url":"https:\/\/secure.gravatar.com\/avatar\/89f417dfbb336d235b856435ef935ffa51c2f646edc1f5c4e6fccf32a9c88173?s=96&d=mm&r=g","height":96,"width":96}},"publisher":{"@type":"Organization","name":"adrien.sk","logo":{"@type":"ImageObject","@id":"\/logo.png","url":"\/logo.png","width":600,"height":60}},"image":{"@type":"ImageObject","@id":"https:\/\/www.adrien.sk\/wp-content\/uploads\/couple-1718244_1280%20(2)_10_10_10_10_10_5.jpg","url":"https:\/\/www.adrien.sk\/wp-content\/uploads\/couple-1718244_1280%20(2)_10_10_10_10_10_5.jpg","height":0,"width":0},"url":"https:\/\/www.adrien.sk\/moja-ziarlivost\/","about":["Domov"],"wordCount":413,"articleBody":"V dob\u00e1ch puberty a \u017eivota po osemn\u00e1stych nerodenin\u00e1ch som striedal vz\u0165ahy ako \u010dist\u00e9 tri\u010dk\u00e1&#8230; Potom pri\u0161iel prv\u00fd dlhodob\u00fd vz\u0165ah aj so spolo\u010dn\u00fdm b\u00fdvan\u00edm&#8230; V\u010faka pr\u00e1ci, ktorej bolo a\u017e ve\u013ea, sme sa dopracovali k rozpadu a jej nevere&#8230; Chv\u00ed\u013eu na to som spoznal svoju prv\u00fa \u017eenu s ktorou m\u00e1m dve deti. Po siedmich rokoch, ke\u010f ja jazdil po Eur\u00f3pe a ona lila prv\u00fa ligu, fl\u00e1movala a robila mi neskuto\u010dn\u00e9 peklo sa aj toto rozpadlo&#8230; .. br\u00e1vali sme si pravidelne deti na v\u00edkend aj na d\u00fdl, ke\u010f to i\u0161lo, a\u017e sme sa rozhodli, \u017ee deti by mohli s nami by\u0165 na st\u00e1lo&#8230; Nebolo to jednoduch\u00e9, ale v\u010faka \u017eivotn\u00e9mu \u0161t\u00fdlu moje b\u00fdval\u00e9 a v\u010faka vz\u0165ahu mojich det\u00ed k moje, vtedy e\u0161te priate\u013eku, to na s\u00fade dopadlo dobre&#8230;odvtedy uplynuli skoro \u0161tyri roky&#8230;Skoro dokonal\u00e1 rodina.. V\u00fdlety, z\u00e1\u017eitky&#8230; V\u0161etky starosti a probl\u00e9my sme rie\u0161ili spolu a v\u0161etko zvl\u00e1dali&#8230; Potom sa to ale za\u010dalo l\u00e1ma\u0165&#8230;doma som spohodlnel a pom\u00e1hal \u010d\u00edm \u010falej menej, u mlad\u0161ieho sa prejavilo adhd a za\u010dalo to by\u0165 viac a viac n\u00e1ro\u010dnej\u0161ie&#8230; \u017eena si nakoniec rada dala poh\u00e1rik v\u00edna a e\u0161te rad\u0161ej chodila posedie\u0165 k susedovi. &#8230;zrazu pri\u0161li h\u00e1dky, nedok\u00e1zali sme spolu v pokoji \u010doko\u013evek rie\u0161i\u0165 a za\u010dala \u0161ialen\u00e1 kr\u00edza&#8230;V\u0161etko \u010do sa dialo vo mne prebudilo to zl\u00e9 z minulosti a ku v\u0161etk\u00fdm t\u00fdm probl\u00e9mom sa pridala \u017eiarlivos\u0165&#8230; \u017dena medzi sviatkami odi\u0161la k zn\u00e1mej s t\u00fdm, \u017ee sa do bud\u00facnosti chce ods\u0165ahova\u0165 do nie\u010doho svojho aby si mohla odd\u00fdchnu\u0165 a n\u00e1js\u0165 pokoj&#8230; ja naproti tomu sa tot\u00e1lne zosypal a\u017e do takej miery, \u017ee u\u017e\u00edvam antidepres\u00edva.. som s\u00e1m s de\u0165mi a sna\u017e\u00edm sa v\u0161etko zvl\u00e1da\u0165&#8230; \u017eena sa rozv\u00e1dza\u0165 zatia\u013e nechce.. ver\u00ed, \u017ee a\u017e sa to v\u0161etko pre\u017eenie, tak si k sebe cestu zase n\u00e1jdeme. Tak to dopad\u00e1, ke\u010f spolu dvaja nehovoria a doma prest\u00e1vaj\u00fa by\u0165 par\u0165\u00e1ci.. hlavne chlapov by si mali uvedomi\u0165, \u017ee \u017eena je s\u00edce siln\u00e1, ale nem\u00f4\u017ee v\u017edy v\u0161etko zvl\u00e1dnu\u0165 sama&#8230; a to je vlastne pou\u010denie tohto \u010dl\u00e1nku.                                                                                                                                                                                                                                                                                                                                                                                        4.3\/5 - (21 votes)        "},{"@context":"https:\/\/schema.org\/","@type":"BreadcrumbList","itemListElement":[{"@type":"ListItem","position":1,"name":"Moja \u017eiarlivos\u0165","item":"https:\/\/www.adrien.sk\/moja-ziarlivost\/#breadcrumbitem"}]}]